{"id":2170,"date":"2025-11-23T01:08:22","date_gmt":"2025-11-23T00:08:22","guid":{"rendered":"https:\/\/tsv-meitingen.de\/fussball\/?post_type=news&#038;p=2170"},"modified":"2025-11-23T01:08:22","modified_gmt":"2025-11-23T00:08:22","slug":"neue-abteilungsleitung-gewaehlt","status":"publish","type":"news","link":"https:\/\/tsv-meitingen.de\/fussball\/news\/neue-abteilungsleitung-gewaehlt\/","title":{"rendered":"Neue Abteilungsleitung gew\u00e4hlt"},"content":{"rendered":"\n<p>Aktuell l\u00e4uft es bei den Fu\u00dfballern des TSV Meitingen. Die 1. Seniorenmannschaft hat den Sprung an die Tabellenspitze der Bezirksoberliga geschafft. Die vor zwei Jahren wieder ins Leben gerufene zweite Mannschaft belegt zum Ende der Hinrunde sensationell den zweiten Platz in der A-Klasse und kann sogar die Tabellenspitze erobern, wenn das noch ausstehende Nachholspiel gewonnen wird.<\/p>\n\n\n\n<p>Das gro\u00dfe Interesse an der Fu\u00dfballabteilung belegt auch die diesj\u00e4hrige Abteilungsversammlung zu der 56 Vereinsmitglieder den Weg fanden, gespannt den Vortr\u00e4gen der Vorstandschaft lauschten und sich aktiv an den Neuwahlen beteiligten.<\/p>\n\n\n\n<p>Durch die gute Arbeit der letzten Jahre wurden alle Abteilungsleiter, die sich zur Wiederwahl stellten, ohne Gegenstimmen wiedergew\u00e4hlt.<\/p>\n\n\n\n<p>Christian Schmid wurde neu als Beisitzer gew\u00e4hlt und \u00fcbernimmt hierbei die Rolle des Kleinfeldkoordinators im Jugendbereich. Besonders erfreulich ist, dass mit Christoph Br\u00fcckner und Martin Winkler zwei Meitinger Urgesteine k\u00fcnftig die Abteilungsleitung als Beisitzer verst\u00e4rken. Mit Alexander Holler, ebenfalls als Beisitzer, und Thomas Fischer als stellvertretender Jugendleiter, vervollst\u00e4ndigen zwei weitere eng mit dem Verein verbundene Meitinger k\u00fcnftig die Abteilungsleitung.<\/p>\n\n\n\n<p>Die Abteilungsleiter Torsten Vrazic und J\u00fcrgen Erhard zeigten sich erfreut, dass es gelungen ist, die Abteilungsleitung mit Meitinger DNA zu verst\u00e4rken und gleichzeitig auch die ersten Schritte in die Wege geleitet wurden, die Abteilung weiterhin so stark f\u00fcr die l\u00e4ngerfristige Zukunft aufzustellen.<\/p>\n\n\n\n<p>Die Abteilungsleitung:<\/p>\n\n\n\n<figure class=\"wp-block-table\"><table class=\"has-fixed-layout\"><tbody><tr><td>Abteilungsleiter<\/td><td>Torsten Vrazic<\/td><\/tr><tr><td>Stellvertretender Abteilungsleiter<\/td><td>J\u00fcrgen Erhard<\/td><\/tr><tr><td>Kassierer<\/td><td>Achim Zwick<\/td><\/tr><tr><td>2. Kassierer<\/td><td>Klaus Heichele<\/td><\/tr><tr><td>1. Jugendleiter<\/td><td>Stefan Schwarz<\/td><\/tr><tr><td>2. Jugendleiter<\/td><td>Thomas Fischer<\/td><\/tr><tr><td>Schriftf\u00fchrer<\/td><td>Heiko Ulbrich<\/td><\/tr><tr><td>Ehrenamtsbeauftragter<\/td><td>Helmut Hafner<\/td><\/tr><tr><td>Beisitzer (Kleinfeldkoordinator)<\/td><td>Christian Schmid<\/td><\/tr><tr><td>Beisitzer<\/td><td>Alexander Holler<\/td><\/tr><tr><td>Beisitzer<\/td><td>Christoph Br\u00fcckner<\/td><\/tr><tr><td>Beisitzer<\/td><td>Martin Winkler<\/td><\/tr><\/tbody><\/table><\/figure>\n","protected":false},"featured_media":0,"template":"","mannschaften":[],"class_list":["post-2170","news","type-news","status-publish","hentry"],"yoast_head":"<!-- This site is optimized with the Yoast SEO plugin v27.5 - https:\/\/yoast.com\/product\/yoast-seo-wordpress\/ -->\n<title>Neue Abteilungsleitung gew\u00e4hlt - TSV 1925 Meitingen e. V. | Fussball<\/title>\n<meta name=\"robots\" content=\"index, follow, max-snippet:-1, max-image-preview:large, max-video-preview:-1\" \/>\n<link rel=\"canonical\" href=\"https:\/\/tsv-meitingen.de\/fussball\/news\/neue-abteilungsleitung-gewaehlt\/\" \/>\n<meta property=\"og:locale\" content=\"de_DE\" \/>\n<meta property=\"og:type\" content=\"article\" \/>\n<meta property=\"og:title\" content=\"Neue Abteilungsleitung gew\u00e4hlt - TSV 1925 Meitingen e. V. | Fussball\" \/>\n<meta property=\"og:description\" content=\"Aktuell l\u00e4uft es bei den Fu\u00dfballern des TSV Meitingen. Die 1. Seniorenmannschaft hat den Sprung an die Tabellenspitze der Bezirksoberliga geschafft. Die vor zwei Jahren wieder ins Leben gerufene zweite Mannschaft belegt zum Ende der Hinrunde sensationell den zweiten Platz in der A-Klasse und kann sogar die Tabellenspitze erobern, wenn das noch ausstehende Nachholspiel gewonnen [&hellip;]\" \/>\n<meta property=\"og:url\" content=\"https:\/\/tsv-meitingen.de\/fussball\/news\/neue-abteilungsleitung-gewaehlt\/\" \/>\n<meta property=\"og:site_name\" content=\"TSV 1925 Meitingen e. V. | Fussball\" \/>\n<meta name=\"twitter:card\" content=\"summary_large_image\" \/>\n<meta name=\"twitter:label1\" content=\"Gesch\u00e4tzte Lesezeit\" \/>\n\t<meta name=\"twitter:data1\" content=\"2\u00a0Minuten\" \/>\n<script type=\"application\/ld+json\" class=\"yoast-schema-graph\">{\"@context\":\"https:\\\/\\\/schema.org\",\"@graph\":[{\"@type\":\"WebPage\",\"@id\":\"https:\\\/\\\/tsv-meitingen.de\\\/fussball\\\/news\\\/neue-abteilungsleitung-gewaehlt\\\/\",\"url\":\"https:\\\/\\\/tsv-meitingen.de\\\/fussball\\\/news\\\/neue-abteilungsleitung-gewaehlt\\\/\",\"name\":\"Neue Abteilungsleitung gew\u00e4hlt - TSV 1925 Meitingen e. V. | Fussball\",\"isPartOf\":{\"@id\":\"https:\\\/\\\/tsv-meitingen.de\\\/fussball\\\/#website\"},\"datePublished\":\"2025-11-23T00:08:22+00:00\",\"breadcrumb\":{\"@id\":\"https:\\\/\\\/tsv-meitingen.de\\\/fussball\\\/news\\\/neue-abteilungsleitung-gewaehlt\\\/#breadcrumb\"},\"inLanguage\":\"de\",\"potentialAction\":[{\"@type\":\"ReadAction\",\"target\":[\"https:\\\/\\\/tsv-meitingen.de\\\/fussball\\\/news\\\/neue-abteilungsleitung-gewaehlt\\\/\"]}]},{\"@type\":\"BreadcrumbList\",\"@id\":\"https:\\\/\\\/tsv-meitingen.de\\\/fussball\\\/news\\\/neue-abteilungsleitung-gewaehlt\\\/#breadcrumb\",\"itemListElement\":[{\"@type\":\"ListItem\",\"position\":1,\"name\":\"Startseite\",\"item\":\"https:\\\/\\\/tsv-meitingen.de\\\/fussball\\\/\"},{\"@type\":\"ListItem\",\"position\":2,\"name\":\"News\",\"item\":\"https:\\\/\\\/tsv-meitingen.de\\\/fussball\\\/news\\\/\"},{\"@type\":\"ListItem\",\"position\":3,\"name\":\"Neue Abteilungsleitung gew\u00e4hlt\"}]},{\"@type\":\"WebSite\",\"@id\":\"https:\\\/\\\/tsv-meitingen.de\\\/fussball\\\/#website\",\"url\":\"https:\\\/\\\/tsv-meitingen.de\\\/fussball\\\/\",\"name\":\"TSV 1925 Meitingen e. V. | Fussball\",\"description\":\"Der Breitensportverein im Landkreis Augsburg.\",\"publisher\":{\"@id\":\"https:\\\/\\\/tsv-meitingen.de\\\/fussball\\\/#organization\"},\"potentialAction\":[{\"@type\":\"SearchAction\",\"target\":{\"@type\":\"EntryPoint\",\"urlTemplate\":\"https:\\\/\\\/tsv-meitingen.de\\\/fussball\\\/?s={search_term_string}\"},\"query-input\":{\"@type\":\"PropertyValueSpecification\",\"valueRequired\":true,\"valueName\":\"search_term_string\"}}],\"inLanguage\":\"de\"},{\"@type\":\"Organization\",\"@id\":\"https:\\\/\\\/tsv-meitingen.de\\\/fussball\\\/#organization\",\"name\":\"TSV 1925 Meitingen e. V. | Fussball\",\"url\":\"https:\\\/\\\/tsv-meitingen.de\\\/fussball\\\/\",\"logo\":{\"@type\":\"ImageObject\",\"inLanguage\":\"de\",\"@id\":\"https:\\\/\\\/tsv-meitingen.de\\\/fussball\\\/#\\\/schema\\\/logo\\\/image\\\/\",\"url\":\"https:\\\/\\\/tsv-meitingen.de\\\/fussball\\\/wp-content\\\/uploads\\\/sites\\\/2\\\/2024\\\/12\\\/cropped-tsv-meitingen-website-icon-1.webp\",\"contentUrl\":\"https:\\\/\\\/tsv-meitingen.de\\\/fussball\\\/wp-content\\\/uploads\\\/sites\\\/2\\\/2024\\\/12\\\/cropped-tsv-meitingen-website-icon-1.webp\",\"width\":1080,\"height\":1080,\"caption\":\"TSV 1925 Meitingen e. V. | Fussball\"},\"image\":{\"@id\":\"https:\\\/\\\/tsv-meitingen.de\\\/fussball\\\/#\\\/schema\\\/logo\\\/image\\\/\"}}]}<\/script>\n<!-- \/ Yoast SEO plugin. -->","yoast_head_json":{"title":"Neue Abteilungsleitung gew\u00e4hlt - TSV 1925 Meitingen e. V. | Fussball","robots":{"index":"index","follow":"follow","max-snippet":"max-snippet:-1","max-image-preview":"max-image-preview:large","max-video-preview":"max-video-preview:-1"},"canonical":"https:\/\/tsv-meitingen.de\/fussball\/news\/neue-abteilungsleitung-gewaehlt\/","og_locale":"de_DE","og_type":"article","og_title":"Neue Abteilungsleitung gew\u00e4hlt - TSV 1925 Meitingen e. V. | Fussball","og_description":"Aktuell l\u00e4uft es bei den Fu\u00dfballern des TSV Meitingen. Die 1. Seniorenmannschaft hat den Sprung an die Tabellenspitze der Bezirksoberliga geschafft. Die vor zwei Jahren wieder ins Leben gerufene zweite Mannschaft belegt zum Ende der Hinrunde sensationell den zweiten Platz in der A-Klasse und kann sogar die Tabellenspitze erobern, wenn das noch ausstehende Nachholspiel gewonnen [&hellip;]","og_url":"https:\/\/tsv-meitingen.de\/fussball\/news\/neue-abteilungsleitung-gewaehlt\/","og_site_name":"TSV 1925 Meitingen e. V. | Fussball","twitter_card":"summary_large_image","twitter_misc":{"Gesch\u00e4tzte Lesezeit":"2\u00a0Minuten"},"schema":{"@context":"https:\/\/schema.org","@graph":[{"@type":"WebPage","@id":"https:\/\/tsv-meitingen.de\/fussball\/news\/neue-abteilungsleitung-gewaehlt\/","url":"https:\/\/tsv-meitingen.de\/fussball\/news\/neue-abteilungsleitung-gewaehlt\/","name":"Neue Abteilungsleitung gew\u00e4hlt - TSV 1925 Meitingen e. V. | Fussball","isPartOf":{"@id":"https:\/\/tsv-meitingen.de\/fussball\/#website"},"datePublished":"2025-11-23T00:08:22+00:00","breadcrumb":{"@id":"https:\/\/tsv-meitingen.de\/fussball\/news\/neue-abteilungsleitung-gewaehlt\/#breadcrumb"},"inLanguage":"de","potentialAction":[{"@type":"ReadAction","target":["https:\/\/tsv-meitingen.de\/fussball\/news\/neue-abteilungsleitung-gewaehlt\/"]}]},{"@type":"BreadcrumbList","@id":"https:\/\/tsv-meitingen.de\/fussball\/news\/neue-abteilungsleitung-gewaehlt\/#breadcrumb","itemListElement":[{"@type":"ListItem","position":1,"name":"Startseite","item":"https:\/\/tsv-meitingen.de\/fussball\/"},{"@type":"ListItem","position":2,"name":"News","item":"https:\/\/tsv-meitingen.de\/fussball\/news\/"},{"@type":"ListItem","position":3,"name":"Neue Abteilungsleitung gew\u00e4hlt"}]},{"@type":"WebSite","@id":"https:\/\/tsv-meitingen.de\/fussball\/#website","url":"https:\/\/tsv-meitingen.de\/fussball\/","name":"TSV 1925 Meitingen e. V. | Fussball","description":"Der Breitensportverein im Landkreis Augsburg.","publisher":{"@id":"https:\/\/tsv-meitingen.de\/fussball\/#organization"},"potentialAction":[{"@type":"SearchAction","target":{"@type":"EntryPoint","urlTemplate":"https:\/\/tsv-meitingen.de\/fussball\/?s={search_term_string}"},"query-input":{"@type":"PropertyValueSpecification","valueRequired":true,"valueName":"search_term_string"}}],"inLanguage":"de"},{"@type":"Organization","@id":"https:\/\/tsv-meitingen.de\/fussball\/#organization","name":"TSV 1925 Meitingen e. V. | Fussball","url":"https:\/\/tsv-meitingen.de\/fussball\/","logo":{"@type":"ImageObject","inLanguage":"de","@id":"https:\/\/tsv-meitingen.de\/fussball\/#\/schema\/logo\/image\/","url":"https:\/\/tsv-meitingen.de\/fussball\/wp-content\/uploads\/sites\/2\/2024\/12\/cropped-tsv-meitingen-website-icon-1.webp","contentUrl":"https:\/\/tsv-meitingen.de\/fussball\/wp-content\/uploads\/sites\/2\/2024\/12\/cropped-tsv-meitingen-website-icon-1.webp","width":1080,"height":1080,"caption":"TSV 1925 Meitingen e. V. | Fussball"},"image":{"@id":"https:\/\/tsv-meitingen.de\/fussball\/#\/schema\/logo\/image\/"}}]}},"_links":{"self":[{"href":"https:\/\/tsv-meitingen.de\/fussball\/wp-json\/wp\/v2\/news\/2170","targetHints":{"allow":["GET"]}}],"collection":[{"href":"https:\/\/tsv-meitingen.de\/fussball\/wp-json\/wp\/v2\/news"}],"about":[{"href":"https:\/\/tsv-meitingen.de\/fussball\/wp-json\/wp\/v2\/types\/news"}],"version-history":[{"count":1,"href":"https:\/\/tsv-meitingen.de\/fussball\/wp-json\/wp\/v2\/news\/2170\/revisions"}],"predecessor-version":[{"id":2171,"href":"https:\/\/tsv-meitingen.de\/fussball\/wp-json\/wp\/v2\/news\/2170\/revisions\/2171"}],"wp:attachment":[{"href":"https:\/\/tsv-meitingen.de\/fussball\/wp-json\/wp\/v2\/media?parent=2170"}],"wp:term":[{"taxonomy":"mannschaften","embeddable":true,"href":"https:\/\/tsv-meitingen.de\/fussball\/wp-json\/wp\/v2\/mannschaften?post=2170"}],"curies":[{"name":"wp","href":"https:\/\/api.w.org\/{rel}","templated":true}]}}