{"id":2702,"date":"2026-04-26T08:42:18","date_gmt":"2026-04-26T06:42:18","guid":{"rendered":"https:\/\/tsv-meitingen.de\/fussball\/?post_type=news&#038;p=2702"},"modified":"2026-04-26T08:42:18","modified_gmt":"2026-04-26T06:42:18","slug":"andreas-wessig-verlaesst-unsere-kommandobruecke","status":"publish","type":"news","link":"https:\/\/tsv-meitingen.de\/fussball\/news\/andreas-wessig-verlaesst-unsere-kommandobruecke\/","title":{"rendered":"Andreas Wessig verl\u00e4sst unsere Kommandobr\u00fccke"},"content":{"rendered":"\n<p>Eigentlich hatte &#8222;Ando&#8220; Wessig, dessen Sohn Fabian beim SC Verl in der 3. Liga spielt, schon vor einigen Wochen bei uns f\u00fcr eine weitere Runde zugesagt, als man aus dem Trainingslager in Barcelona zur\u00fcckgekehrt war. Nun hat er aber leider aus privaten und beruflichen Gr\u00fcnden seinen R\u00fccktritt zum Saisonende bekannt gegeben. \u201eEine emotional schwere Entscheidung\u201c, sagt Ando, der dies der Mannschaft bereits mitgeteilt hat. Ando Wessig \u00fcbernahm uns im Mai 2025 auf einem Abstiegs-Relegationsplatz und f\u00fchrte anschlie\u00dfend unser Mannschaft stetig nach oben. Obwohl man zuletzt vier Spiele ohne Sieg geblieben ist, hat die Entscheidung keine sportlichen Gr\u00fcnde. Aber: \u201eVielleicht gibt es ja einen Kick\u201c, sagte Ando gegen\u00fcber der AZ \u201ePlatz zwei ist ja immer noch in Reichweite.\u201c<\/p>\n\n\n\n<p>F\u00fcr unseren gesundheitlich gerade schwer angeschlagenen Abteilungsleiter Torsten Vrazic ist der Aufstieg kein Muss. \u201eWenn ja, dann ist es gut. Wenn nicht, auch gut\u201c, gibt es keinerlei Druck. Viel wichtiger sei es, dass viele Meitinger im Team stehen, der TSV den besten Zuschauerschnitt der Bezirksliga aufweisen kann und auch die \u201eZweite\u201c in der A-Klasse auf Aufstiegskurs segelt. \u201eIch wei\u00df aber, dass die Mannschaft will\u201c, verr\u00e4t Torsten gegen\u00fcber der AZ, der nun einen neuen Trainer suchen muss. Zu seinem und unserem gr\u00f6\u00dften Bedauern  \u201eAndreas Wessig hat zum TSV gepasst, wie der Hintern auf den Eimer.\u201c<\/p>\n","protected":false},"featured_media":0,"template":"","mannschaften":[],"class_list":["post-2702","news","type-news","status-publish","hentry"],"yoast_head":"<!-- This site is optimized with the Yoast SEO plugin v27.5 - https:\/\/yoast.com\/product\/yoast-seo-wordpress\/ -->\n<title>Andreas Wessig verl\u00e4sst unsere Kommandobr\u00fccke - TSV 1925 Meitingen e. V. | Fussball<\/title>\n<meta name=\"robots\" content=\"index, follow, max-snippet:-1, max-image-preview:large, max-video-preview:-1\" \/>\n<link rel=\"canonical\" href=\"https:\/\/tsv-meitingen.de\/fussball\/news\/andreas-wessig-verlaesst-unsere-kommandobruecke\/\" \/>\n<meta property=\"og:locale\" content=\"de_DE\" \/>\n<meta property=\"og:type\" content=\"article\" \/>\n<meta property=\"og:title\" content=\"Andreas Wessig verl\u00e4sst unsere Kommandobr\u00fccke - TSV 1925 Meitingen e. V. | Fussball\" \/>\n<meta property=\"og:description\" content=\"Eigentlich hatte &#8222;Ando&#8220; Wessig, dessen Sohn Fabian beim SC Verl in der 3. Liga spielt, schon vor einigen Wochen bei uns f\u00fcr eine weitere Runde zugesagt, als man aus dem Trainingslager in Barcelona zur\u00fcckgekehrt war. Nun hat er aber leider aus privaten und beruflichen Gr\u00fcnden seinen R\u00fccktritt zum Saisonende bekannt gegeben. \u201eEine emotional schwere Entscheidung\u201c, [&hellip;]\" \/>\n<meta property=\"og:url\" content=\"https:\/\/tsv-meitingen.de\/fussball\/news\/andreas-wessig-verlaesst-unsere-kommandobruecke\/\" \/>\n<meta property=\"og:site_name\" content=\"TSV 1925 Meitingen e. V. | Fussball\" \/>\n<meta name=\"twitter:card\" content=\"summary_large_image\" \/>\n<meta name=\"twitter:label1\" content=\"Gesch\u00e4tzte Lesezeit\" \/>\n\t<meta name=\"twitter:data1\" content=\"2\u00a0Minuten\" \/>\n<script type=\"application\/ld+json\" class=\"yoast-schema-graph\">{\"@context\":\"https:\\\/\\\/schema.org\",\"@graph\":[{\"@type\":\"WebPage\",\"@id\":\"https:\\\/\\\/tsv-meitingen.de\\\/fussball\\\/news\\\/andreas-wessig-verlaesst-unsere-kommandobruecke\\\/\",\"url\":\"https:\\\/\\\/tsv-meitingen.de\\\/fussball\\\/news\\\/andreas-wessig-verlaesst-unsere-kommandobruecke\\\/\",\"name\":\"Andreas Wessig verl\u00e4sst unsere Kommandobr\u00fccke - TSV 1925 Meitingen e. V. | Fussball\",\"isPartOf\":{\"@id\":\"https:\\\/\\\/tsv-meitingen.de\\\/fussball\\\/#website\"},\"datePublished\":\"2026-04-26T06:42:18+00:00\",\"breadcrumb\":{\"@id\":\"https:\\\/\\\/tsv-meitingen.de\\\/fussball\\\/news\\\/andreas-wessig-verlaesst-unsere-kommandobruecke\\\/#breadcrumb\"},\"inLanguage\":\"de\",\"potentialAction\":[{\"@type\":\"ReadAction\",\"target\":[\"https:\\\/\\\/tsv-meitingen.de\\\/fussball\\\/news\\\/andreas-wessig-verlaesst-unsere-kommandobruecke\\\/\"]}]},{\"@type\":\"BreadcrumbList\",\"@id\":\"https:\\\/\\\/tsv-meitingen.de\\\/fussball\\\/news\\\/andreas-wessig-verlaesst-unsere-kommandobruecke\\\/#breadcrumb\",\"itemListElement\":[{\"@type\":\"ListItem\",\"position\":1,\"name\":\"Startseite\",\"item\":\"https:\\\/\\\/tsv-meitingen.de\\\/fussball\\\/\"},{\"@type\":\"ListItem\",\"position\":2,\"name\":\"News\",\"item\":\"https:\\\/\\\/tsv-meitingen.de\\\/fussball\\\/news\\\/\"},{\"@type\":\"ListItem\",\"position\":3,\"name\":\"Andreas Wessig verl\u00e4sst unsere Kommandobr\u00fccke\"}]},{\"@type\":\"WebSite\",\"@id\":\"https:\\\/\\\/tsv-meitingen.de\\\/fussball\\\/#website\",\"url\":\"https:\\\/\\\/tsv-meitingen.de\\\/fussball\\\/\",\"name\":\"TSV 1925 Meitingen e. V. | Fussball\",\"description\":\"Der Breitensportverein im Landkreis Augsburg.\",\"publisher\":{\"@id\":\"https:\\\/\\\/tsv-meitingen.de\\\/fussball\\\/#organization\"},\"potentialAction\":[{\"@type\":\"SearchAction\",\"target\":{\"@type\":\"EntryPoint\",\"urlTemplate\":\"https:\\\/\\\/tsv-meitingen.de\\\/fussball\\\/?s={search_term_string}\"},\"query-input\":{\"@type\":\"PropertyValueSpecification\",\"valueRequired\":true,\"valueName\":\"search_term_string\"}}],\"inLanguage\":\"de\"},{\"@type\":\"Organization\",\"@id\":\"https:\\\/\\\/tsv-meitingen.de\\\/fussball\\\/#organization\",\"name\":\"TSV 1925 Meitingen e. V. | Fussball\",\"url\":\"https:\\\/\\\/tsv-meitingen.de\\\/fussball\\\/\",\"logo\":{\"@type\":\"ImageObject\",\"inLanguage\":\"de\",\"@id\":\"https:\\\/\\\/tsv-meitingen.de\\\/fussball\\\/#\\\/schema\\\/logo\\\/image\\\/\",\"url\":\"https:\\\/\\\/tsv-meitingen.de\\\/fussball\\\/wp-content\\\/uploads\\\/sites\\\/2\\\/2024\\\/12\\\/cropped-tsv-meitingen-website-icon-1.webp\",\"contentUrl\":\"https:\\\/\\\/tsv-meitingen.de\\\/fussball\\\/wp-content\\\/uploads\\\/sites\\\/2\\\/2024\\\/12\\\/cropped-tsv-meitingen-website-icon-1.webp\",\"width\":1080,\"height\":1080,\"caption\":\"TSV 1925 Meitingen e. V. | Fussball\"},\"image\":{\"@id\":\"https:\\\/\\\/tsv-meitingen.de\\\/fussball\\\/#\\\/schema\\\/logo\\\/image\\\/\"}}]}<\/script>\n<!-- \/ Yoast SEO plugin. -->","yoast_head_json":{"title":"Andreas Wessig verl\u00e4sst unsere Kommandobr\u00fccke - TSV 1925 Meitingen e. V. | Fussball","robots":{"index":"index","follow":"follow","max-snippet":"max-snippet:-1","max-image-preview":"max-image-preview:large","max-video-preview":"max-video-preview:-1"},"canonical":"https:\/\/tsv-meitingen.de\/fussball\/news\/andreas-wessig-verlaesst-unsere-kommandobruecke\/","og_locale":"de_DE","og_type":"article","og_title":"Andreas Wessig verl\u00e4sst unsere Kommandobr\u00fccke - TSV 1925 Meitingen e. V. | Fussball","og_description":"Eigentlich hatte &#8222;Ando&#8220; Wessig, dessen Sohn Fabian beim SC Verl in der 3. Liga spielt, schon vor einigen Wochen bei uns f\u00fcr eine weitere Runde zugesagt, als man aus dem Trainingslager in Barcelona zur\u00fcckgekehrt war. Nun hat er aber leider aus privaten und beruflichen Gr\u00fcnden seinen R\u00fccktritt zum Saisonende bekannt gegeben. \u201eEine emotional schwere Entscheidung\u201c, [&hellip;]","og_url":"https:\/\/tsv-meitingen.de\/fussball\/news\/andreas-wessig-verlaesst-unsere-kommandobruecke\/","og_site_name":"TSV 1925 Meitingen e. V. | Fussball","twitter_card":"summary_large_image","twitter_misc":{"Gesch\u00e4tzte Lesezeit":"2\u00a0Minuten"},"schema":{"@context":"https:\/\/schema.org","@graph":[{"@type":"WebPage","@id":"https:\/\/tsv-meitingen.de\/fussball\/news\/andreas-wessig-verlaesst-unsere-kommandobruecke\/","url":"https:\/\/tsv-meitingen.de\/fussball\/news\/andreas-wessig-verlaesst-unsere-kommandobruecke\/","name":"Andreas Wessig verl\u00e4sst unsere Kommandobr\u00fccke - TSV 1925 Meitingen e. V. | Fussball","isPartOf":{"@id":"https:\/\/tsv-meitingen.de\/fussball\/#website"},"datePublished":"2026-04-26T06:42:18+00:00","breadcrumb":{"@id":"https:\/\/tsv-meitingen.de\/fussball\/news\/andreas-wessig-verlaesst-unsere-kommandobruecke\/#breadcrumb"},"inLanguage":"de","potentialAction":[{"@type":"ReadAction","target":["https:\/\/tsv-meitingen.de\/fussball\/news\/andreas-wessig-verlaesst-unsere-kommandobruecke\/"]}]},{"@type":"BreadcrumbList","@id":"https:\/\/tsv-meitingen.de\/fussball\/news\/andreas-wessig-verlaesst-unsere-kommandobruecke\/#breadcrumb","itemListElement":[{"@type":"ListItem","position":1,"name":"Startseite","item":"https:\/\/tsv-meitingen.de\/fussball\/"},{"@type":"ListItem","position":2,"name":"News","item":"https:\/\/tsv-meitingen.de\/fussball\/news\/"},{"@type":"ListItem","position":3,"name":"Andreas Wessig verl\u00e4sst unsere Kommandobr\u00fccke"}]},{"@type":"WebSite","@id":"https:\/\/tsv-meitingen.de\/fussball\/#website","url":"https:\/\/tsv-meitingen.de\/fussball\/","name":"TSV 1925 Meitingen e. V. | Fussball","description":"Der Breitensportverein im Landkreis Augsburg.","publisher":{"@id":"https:\/\/tsv-meitingen.de\/fussball\/#organization"},"potentialAction":[{"@type":"SearchAction","target":{"@type":"EntryPoint","urlTemplate":"https:\/\/tsv-meitingen.de\/fussball\/?s={search_term_string}"},"query-input":{"@type":"PropertyValueSpecification","valueRequired":true,"valueName":"search_term_string"}}],"inLanguage":"de"},{"@type":"Organization","@id":"https:\/\/tsv-meitingen.de\/fussball\/#organization","name":"TSV 1925 Meitingen e. V. | Fussball","url":"https:\/\/tsv-meitingen.de\/fussball\/","logo":{"@type":"ImageObject","inLanguage":"de","@id":"https:\/\/tsv-meitingen.de\/fussball\/#\/schema\/logo\/image\/","url":"https:\/\/tsv-meitingen.de\/fussball\/wp-content\/uploads\/sites\/2\/2024\/12\/cropped-tsv-meitingen-website-icon-1.webp","contentUrl":"https:\/\/tsv-meitingen.de\/fussball\/wp-content\/uploads\/sites\/2\/2024\/12\/cropped-tsv-meitingen-website-icon-1.webp","width":1080,"height":1080,"caption":"TSV 1925 Meitingen e. V. | Fussball"},"image":{"@id":"https:\/\/tsv-meitingen.de\/fussball\/#\/schema\/logo\/image\/"}}]}},"_links":{"self":[{"href":"https:\/\/tsv-meitingen.de\/fussball\/wp-json\/wp\/v2\/news\/2702","targetHints":{"allow":["GET"]}}],"collection":[{"href":"https:\/\/tsv-meitingen.de\/fussball\/wp-json\/wp\/v2\/news"}],"about":[{"href":"https:\/\/tsv-meitingen.de\/fussball\/wp-json\/wp\/v2\/types\/news"}],"version-history":[{"count":1,"href":"https:\/\/tsv-meitingen.de\/fussball\/wp-json\/wp\/v2\/news\/2702\/revisions"}],"predecessor-version":[{"id":2703,"href":"https:\/\/tsv-meitingen.de\/fussball\/wp-json\/wp\/v2\/news\/2702\/revisions\/2703"}],"wp:attachment":[{"href":"https:\/\/tsv-meitingen.de\/fussball\/wp-json\/wp\/v2\/media?parent=2702"}],"wp:term":[{"taxonomy":"mannschaften","embeddable":true,"href":"https:\/\/tsv-meitingen.de\/fussball\/wp-json\/wp\/v2\/mannschaften?post=2702"}],"curies":[{"name":"wp","href":"https:\/\/api.w.org\/{rel}","templated":true}]}}